{"id":52659,"date":"2025-04-30T13:05:54","date_gmt":"2025-04-30T10:05:54","guid":{"rendered":"https:\/\/levaic.com\/blog\/?p=52659"},"modified":"2025-04-30T15:17:31","modified_gmt":"2025-04-30T12:17:31","slug":"neden-hayvanlar-icin-variz-benim-hikayem-ve-pati-kolektif-in-yolculugu","status":"publish","type":"post","link":"https:\/\/levaic.com\/blog\/neden-hayvanlar-icin-variz-benim-hikayem-ve-pati-kolektif-in-yolculugu\/","title":{"rendered":"Neden Hayvanlar \u0130\u00e7in Var\u0131z? Benim Hik\u00e2yem ve Pati Kolektif \u2019in Yolculu\u011fu"},"content":{"rendered":"<p>Her g\u00fcn, insanlar\u0131n hayvanlardan \u00fcst\u00fcn oldu\u011fu fikri sessizce zihnimize i\u015fleniyor. O kadar ki, hayvanlara zarar vermek, onlar\u0131 g\u00f6rmezden gelmek h\u00e2l\u00e2 bir\u00e7ok yerde normalle\u015ftirilmi\u015f durumda. Ama bu d\u00fc\u015f\u00fcnceye teslim olmak zorunda de\u011filiz. Ayn\u0131 d\u00fcnyay\u0131 payla\u015ft\u0131\u011f\u0131m\u0131z canl\u0131lar\u0131 tan\u0131d\u0131k\u00e7a, onlara sayg\u0131 ve \u015fefkatle yakla\u015fmay\u0131 da se\u00e7ebiliriz. \u00c7\u00fcnk\u00fc sevgi yaln\u0131zca k\u00f6pek ya da kediyle s\u0131n\u0131rl\u0131 de\u011fil; b\u00fct\u00fcn t\u00fcrlere uzanmal\u0131.<\/p>\n<p>Sokakta, bar\u0131nakta ya da arkada\u015flar\u0131m\u0131n k\u00f6pekleriyle vakit ge\u00e7irirken onlar\u0131n ne kadar duyarl\u0131 karakterlere sahip oldu\u011funu g\u00f6r\u00fcyorum. Sevgiyi nas\u0131l g\u00f6sterdiklerini, ac\u0131y\u0131 nas\u0131l hissettiklerini g\u00f6zlemledik\u00e7e, yaln\u0131z b\u0131rak\u0131lan ve hayatta kalma m\u00fccadelesi veren di\u011fer canlar geliyor akl\u0131ma. \u00d6zellikle de kafeslere hapsolmu\u015f, unutulmu\u015f, terk edilmi\u015f olanlar\u2026 Kalbim s\u0131k\u0131\u015f\u0131yor ve i\u00e7imde derin bir sorumluluk duygusu uyan\u0131yor. \u00c7\u00fcnk\u00fc onlar\u0131n da bizim gibi bir hayat hakk\u0131 var \u2014 sevgiyi hak ediyorlar, g\u00fcvende olmay\u0131, g\u00f6r\u00fcnmeyi hak ediyorlar.<\/p>\n<p>Bu duygularla ya\u015farken bir kitap ge\u00e7ti elime: Peter Singer\u2019\u0131n <em>Animal Liberation<\/em> (Hayvan \u00d6zg\u00fcrle\u015fmesi). \u0130nsan ve hayvan sevgisine dair yaz\u0131lm\u0131\u015f en duygusal ve en \u00f6\u011fretici kitaplardan biri. Hayvanlara kar\u015f\u0131 hassast\u0131m. \u00c7ocukken kald\u0131r\u0131mdan kurumu\u015f solucan al\u0131p \u00e7imlere koyan bendim, ilkokulda \u201ck\u00f6pek sevilmez, \u0131s\u0131r\u0131r\u201d diyen \u00f6\u011fretmenle tart\u0131\u015fan da bendim. Yolda arabayla \u00e7arp\u0131l\u0131p b\u0131rak\u0131lan bir k\u00f6pe\u011fi hemen veterinere g\u00f6t\u00fcr\u00fcp, g\u00f6z\u00fcm\u00fcn \u00f6n\u00fcnde hayat\u0131n\u0131 kaybedi\u015fini izledi\u011fimde bir \u015fey netle\u015fti: Hayatlar\u0131m\u0131z e\u015fit de\u011ferde olmasa da can ta\u015f\u0131yor olmam\u0131z bizi ortakla\u015ft\u0131r\u0131yor. Onlar\u0131 yok saymak, bana g\u00f6re de\u011fil.<\/p>\n<p>Zamanla hayat\u0131mda de\u011fi\u015fiklikler yapt\u0131m. Kulland\u0131\u011f\u0131m \u00fcr\u00fcnleri, giydi\u011fim k\u0131yafetleri, se\u00e7imlerimi daha \u00e7ok d\u00fc\u015f\u00fcnmeye ba\u015flad\u0131m. Art\u0131k mesele sadece \u201cben\u201d de\u011filim; onlar da var. Ve bu fark\u0131ndal\u0131k beni harekete ge\u00e7irdi.<\/p>\n<p>Pati Kolektif \u2018in temelleri 2024 yilinin a\u011fustos ay\u0131nda &#8220;Hayvanlar\u0131 Koruma Kanunu\u2019nda yap\u0131lan de\u011fi\u015fikliklerin ard\u0131ndan ya\u015fanan geli\u015fmelerle at\u0131ld\u0131. Benim gibi hayvanlar\u0131 \u00e7ok seven birka\u00e7 arkada\u015f\u0131mla olu\u015fturdu\u011fumuz Pati Kolektif i\u00e7in yasal d\u00fczenlemeyle birlikte sokak k\u00f6pe\u011fi pop\u00fclasyonundaki kontrols\u00fcz art\u0131\u015f, soka\u011fa terk edilen kopeklere sahip \u00e7\u0131kmak ve hasta k\u00f6pekleri tedavi etmek amac\u0131yla yola \u00e7\u0131kt\u0131k. Bu sorunlara bireysel \u00e7abalarla \u00e7\u00f6z\u00fcm bulman\u0131n yetersiz oldu\u011funu fark edince, ortak de\u011ferlerde bulu\u015fan bir grup hayvansever olarak kolektif bir yap\u0131 kurma karar\u0131 ald\u0131k.<\/p>\n<p>Buras\u0131, sadece hayvanlar\u0131 seven de\u011fil; onlar i\u00e7in bir \u015feyler yapan insanlar\u0131n bir araya geldi\u011fi bir olu\u015fum. \u00c7\u00fcnk\u00fc mesele sadece kendimizi iyi hissetmek de\u011fil. Hayvanlar\u0131n sesi olmak, haklar\u0131n\u0131 savunmak, g\u00f6r\u00fcnmeyen ya\u015famlar\u0131n\u0131 g\u00f6r\u00fcn\u00fcr k\u0131lmak istiyoruz.<\/p>\n<p>Sahiplendirme s\u00fcre\u00e7lerimizde b\u00fcy\u00fck bir titizlikle ilerliyoruz. Bar\u0131naklarla ve g\u00f6n\u00fcll\u00fc bak\u0131mevleriyle i\u015f birli\u011fi yap\u0131yor, sosyal medya \u00fczerinden ihtiya\u00e7 duyulan ilanlar\u0131 payla\u015f\u0131yoruz. Sokakta yard\u0131ma muhta\u00e7 bir k\u00f6pekle kar\u015f\u0131la\u015ft\u0131\u011f\u0131m\u0131zda, onu sadece g\u00f6r\u00fcp ge\u00e7miyoruz. Kendi mecralar\u0131m\u0131zda ve Pati Kolektif \u00fczerinden duyurular yaparak bir cana ula\u015fmaya \u00e7al\u0131\u015f\u0131yoruz.<\/p>\n<p>Elbette sadece sahiplendirme de\u011fil, do\u011fru e\u015fle\u015fme de \u00e7ok \u00f6nemli. Bu y\u00fczden k\u00f6pek sahiplenmek isteyen ki\u015filere baz\u0131 sorular y\u00f6neltiyor, onlar\u0131n bu sorumlulu\u011fu ta\u015f\u0131y\u0131p ta\u015f\u0131yamayaca\u011f\u0131n\u0131 anlamaya \u00e7al\u0131\u015f\u0131yoruz. \u00c7\u00fcnk\u00fc bizce bir k\u00f6pek ile bir insan aras\u0131ndaki ba\u011f, yaln\u0131zca bir yuva de\u011fil; kar\u015f\u0131l\u0131kl\u0131 bir iyile\u015fme hik\u00e2yesi de olabilir.<\/p>\n<p>Etkinliklerimizle de hayvanlarla insanlar\u0131 bir araya getiren samimi alanlar kuruyoruz. Seramik at\u00f6lyeleri, brunch bulu\u015fmalar\u0131, mum ve mama kab\u0131 yap\u0131m at\u00f6lyeleri gibi yarat\u0131c\u0131 ve destekleyici organizasyonlarla ba\u015flad\u0131k. Markalarla i\u015f birlikleri yaparak sosyal sorumluluk projeleri geli\u015ftirdik. Kurumsal sosyal sorumluluk, i\u00e7 ileti\u015fim ve yarat\u0131c\u0131 proje geli\u015ftirme konular\u0131nda deneyimliyiz. Bu kapsamda Mor Pati Derne\u011fi ile \u00e7al\u0131\u015farak daha fazla cana ula\u015fabiliyoruz.<\/p>\n<p>\u00c7\u00fcnk\u00fc bu d\u00fcnya sadece bizim konforumuz i\u00e7in d\u00f6nm\u00fcyor. Hayvanlar\u0131n da bu d\u00fcnyada g\u00f6r\u00fcnmeye, duyulmaya, sevilmeye ve korunmaya hakk\u0131 var. Biz onlar\u0131n ad\u0131na konu\u015fuyor, onlar\u0131n sesi oluyoruz. Ve birlikte daha adil, daha \u015fefkatli bir gelecek kuruyoruz. Belki \u00e7\u0131k\u0131\u015f noktam\u0131z bu de\u011fildi ancak hayvanlarla bir arada olduk\u00e7a insanlar\u0131n ne kadar iyile\u015ftiklerine tan\u0131k oluyorum. Umuyorum kolektif mutlulu\u011fa bu \u015fekilde gidece\u011fiz.<\/p>\n","protected":false},"excerpt":{"rendered":"<p>Her g\u00fcn, insanlar\u0131n hayvanlardan \u00fcst\u00fcn oldu\u011fu fikri sessizce zihnimize i\u015fleniyor. O kadar ki, hayvanlara zarar vermek, onlar\u0131 g\u00f6rmezden gelmek h\u00e2l\u00e2 bir\u00e7ok yerde normalle\u015ftirilmi\u015f durumda. Ama bu d\u00fc\u015f\u00fcnceye teslim olmak zorunda de\u011filiz. Ayn\u0131 d\u00fcnyay\u0131 payla\u015ft\u0131\u011f\u0131m\u0131z canl\u0131lar\u0131 tan\u0131d\u0131k\u00e7a, onlara sayg\u0131 ve \u015fefkatle yakla\u015fmay\u0131 da se\u00e7ebiliriz. \u00c7\u00fcnk\u00fc sevgi yaln\u0131zca k\u00f6pek ya da kediyle s\u0131n\u0131rl\u0131 de\u011fil; b\u00fct\u00fcn t\u00fcrlere uzanmal\u0131. [&hellip;]<\/p>\n","protected":false},"author":12,"featured_media":52661,"comment_status":"open","ping_status":"open","sticky":false,"template":"","format":"standard","meta":{"_crdt_document":"","content-type":"","jnews-multi-image_gallery":[],"jnews_single_post":{"subtitle":"","format":"standard","jnews_video_option_group":[[]],"override":[{"template":"1","parallax":"1","fullscreen":"1","layout":"right-sidebar","sidebar":"singlepost-widget","second_sidebar":"default-sidebar","sticky_sidebar":"1","share_position":"float","share_float_style":"share-normal","show_featured":"1","show_post_meta":"1","show_post_author":"1","show_post_author_image":"1","show_post_date":"1","post_date_format":"default","post_date_format_custom":"Y\/m\/d","show_post_category":"1","show_post_reading_time":"0","post_reading_time_wpm":"300","post_calculate_word_method":"str_word_count","show_zoom_button":"1","zoom_button_out_step":"2","zoom_button_in_step":"3","show_post_tag":"1","show_popup_post":"1","number_popup_post":"2","show_author_box":"1","show_post_related":"1","show_comment_section":"1"}],"image_override":[{"single_post_thumbnail_size":"no-crop","single_post_gallery_size":"crop-500"}],"trending_post_position":"meta","trending_post_label":"Trend","sponsored_post_label":"Sponsorlu","disable_ad":"0"},"jnews_primary_category":[],"jnews_override_bookmark_settings":{"override_bookmark_button":"0","override_show_bookmark_button":"0"},"jnews_social_meta":[],"jnews_paywall_metabox":{"enable_premium_post":"0","paragraph_limit":"2","enable_preview_post":"0","enable_preview_video":"0","enable_free_post":"0","override_paragraph_limit":"0"},"jnews_review":[],"enable_review":"","type":"percentage","name":"","summary":"","brand":"","sku":"","good":[],"bad":[],"score_override":"","override_value":"","rating":[],"price":[],"jnews_override_counter":{"view_counter_number":"0","share_counter_number":"0","like_counter_number":"0","dislike_counter_number":"0"},"jnews_post_split":{"post_split":[{"template":"1","tag":"h2","numbering":"asc","mode":"normal","first":"0","enable_toc":"0","toc_type":"normal"}]},"jnews_podcast_option":[],"jnews_podcast_series":[],"footnotes":""},"categories":[212],"tags":[],"jnews-series":[],"class_list":["post-52659","post","type-post","status-publish","format-standard","has-post-thumbnail","hentry","category-sosyal-iliskilerim"],"yoast_head":"<!-- This site is optimized with the Yoast SEO plugin v27.5 - https:\/\/yoast.com\/product\/yoast-seo-wordpress\/ -->\n<title>Neden Hayvanlar \u0130\u00e7in Var\u0131z? Benim Hik\u00e2yem ve Pati Kolektif \u2019in Yolculu\u011fu - Lev&acirc;ic \u0130li\u015fkilere Dair Her\u015fey<\/title>\n<meta name=\"robots\" content=\"index, follow, max-snippet:-1, max-image-preview:large, max-video-preview:-1\" \/>\n<link rel=\"canonical\" href=\"https:\/\/levaic.com\/blog\/neden-hayvanlar-icin-variz-benim-hikayem-ve-pati-kolektif-in-yolculugu\/\" \/>\n<meta property=\"og:locale\" content=\"tr_TR\" \/>\n<meta property=\"og:type\" content=\"article\" \/>\n<meta property=\"og:title\" content=\"Neden Hayvanlar \u0130\u00e7in Var\u0131z? Benim Hik\u00e2yem ve Pati Kolektif \u2019in Yolculu\u011fu - Lev&acirc;ic \u0130li\u015fkilere Dair Her\u015fey\" \/>\n<meta property=\"og:description\" content=\"Her g\u00fcn, insanlar\u0131n hayvanlardan \u00fcst\u00fcn oldu\u011fu fikri sessizce zihnimize i\u015fleniyor. O kadar ki, hayvanlara zarar vermek, onlar\u0131 g\u00f6rmezden gelmek h\u00e2l\u00e2 bir\u00e7ok yerde normalle\u015ftirilmi\u015f durumda. Ama bu d\u00fc\u015f\u00fcnceye teslim olmak zorunda de\u011filiz. Ayn\u0131 d\u00fcnyay\u0131 payla\u015ft\u0131\u011f\u0131m\u0131z canl\u0131lar\u0131 tan\u0131d\u0131k\u00e7a, onlara sayg\u0131 ve \u015fefkatle yakla\u015fmay\u0131 da se\u00e7ebiliriz. \u00c7\u00fcnk\u00fc sevgi yaln\u0131zca k\u00f6pek ya da kediyle s\u0131n\u0131rl\u0131 de\u011fil; b\u00fct\u00fcn t\u00fcrlere uzanmal\u0131. [&hellip;]\" \/>\n<meta property=\"og:url\" content=\"https:\/\/levaic.com\/blog\/neden-hayvanlar-icin-variz-benim-hikayem-ve-pati-kolektif-in-yolculugu\/\" \/>\n<meta property=\"og:site_name\" content=\"Lev&acirc;ic \u0130li\u015fkilere Dair Her\u015fey\" \/>\n<meta property=\"article:published_time\" content=\"2025-04-30T10:05:54+00:00\" \/>\n<meta property=\"article:modified_time\" content=\"2025-04-30T12:17:31+00:00\" \/>\n<meta property=\"og:image\" content=\"https:\/\/levaic.com\/blog\/wp-content\/uploads\/2025\/04\/322.jpeg\" \/>\n\t<meta property=\"og:image:width\" content=\"900\" \/>\n\t<meta property=\"og:image:height\" content=\"600\" \/>\n\t<meta property=\"og:image:type\" content=\"image\/jpeg\" \/>\n<meta name=\"author\" content=\"Tu\u011f\u00e7e \u00d6zgen\" \/>\n<meta name=\"twitter:card\" content=\"summary_large_image\" \/>\n<meta name=\"twitter:label1\" content=\"Yazan:\" \/>\n\t<meta name=\"twitter:data1\" content=\"Tu\u011f\u00e7e \u00d6zgen\" \/>\n\t<meta name=\"twitter:label2\" content=\"Tahmini okuma s\u00fcresi\" \/>\n\t<meta name=\"twitter:data2\" content=\"4 dakika\" \/>\n<script type=\"application\/ld+json\" class=\"yoast-schema-graph\">{\"@context\":\"https:\\\/\\\/schema.org\",\"@graph\":[{\"@type\":\"Article\",\"@id\":\"https:\\\/\\\/levaic.com\\\/blog\\\/neden-hayvanlar-icin-variz-benim-hikayem-ve-pati-kolektif-in-yolculugu\\\/#article\",\"isPartOf\":{\"@id\":\"https:\\\/\\\/levaic.com\\\/blog\\\/neden-hayvanlar-icin-variz-benim-hikayem-ve-pati-kolektif-in-yolculugu\\\/\"},\"author\":{\"name\":\"Tu\u011f\u00e7e \u00d6zgen\",\"@id\":\"https:\\\/\\\/levaic.com\\\/blog\\\/#\\\/schema\\\/person\\\/1a7fe0868dede158b7afb3d84d88aedf\"},\"headline\":\"Neden Hayvanlar \u0130\u00e7in Var\u0131z? Benim Hik\u00e2yem ve Pati Kolektif \u2019in Yolculu\u011fu\",\"datePublished\":\"2025-04-30T10:05:54+00:00\",\"dateModified\":\"2025-04-30T12:17:31+00:00\",\"mainEntityOfPage\":{\"@id\":\"https:\\\/\\\/levaic.com\\\/blog\\\/neden-hayvanlar-icin-variz-benim-hikayem-ve-pati-kolektif-in-yolculugu\\\/\"},\"wordCount\":792,\"commentCount\":0,\"publisher\":{\"@id\":\"https:\\\/\\\/levaic.com\\\/blog\\\/#organization\"},\"image\":{\"@id\":\"https:\\\/\\\/levaic.com\\\/blog\\\/neden-hayvanlar-icin-variz-benim-hikayem-ve-pati-kolektif-in-yolculugu\\\/#primaryimage\"},\"thumbnailUrl\":\"https:\\\/\\\/levaic.com\\\/blog\\\/wp-content\\\/uploads\\\/2025\\\/04\\\/322.jpeg\",\"articleSection\":[\"Sosyal \u0130li\u015fkilerim\"],\"inLanguage\":\"tr\",\"potentialAction\":[{\"@type\":\"CommentAction\",\"name\":\"Comment\",\"target\":[\"https:\\\/\\\/levaic.com\\\/blog\\\/neden-hayvanlar-icin-variz-benim-hikayem-ve-pati-kolektif-in-yolculugu\\\/#respond\"]}]},{\"@type\":\"WebPage\",\"@id\":\"https:\\\/\\\/levaic.com\\\/blog\\\/neden-hayvanlar-icin-variz-benim-hikayem-ve-pati-kolektif-in-yolculugu\\\/\",\"url\":\"https:\\\/\\\/levaic.com\\\/blog\\\/neden-hayvanlar-icin-variz-benim-hikayem-ve-pati-kolektif-in-yolculugu\\\/\",\"name\":\"Neden Hayvanlar \u0130\u00e7in Var\u0131z? Benim Hik\u00e2yem ve Pati Kolektif \u2019in Yolculu\u011fu - Lev&acirc;ic \u0130li\u015fkilere Dair Her\u015fey\",\"isPartOf\":{\"@id\":\"https:\\\/\\\/levaic.com\\\/blog\\\/#website\"},\"primaryImageOfPage\":{\"@id\":\"https:\\\/\\\/levaic.com\\\/blog\\\/neden-hayvanlar-icin-variz-benim-hikayem-ve-pati-kolektif-in-yolculugu\\\/#primaryimage\"},\"image\":{\"@id\":\"https:\\\/\\\/levaic.com\\\/blog\\\/neden-hayvanlar-icin-variz-benim-hikayem-ve-pati-kolektif-in-yolculugu\\\/#primaryimage\"},\"thumbnailUrl\":\"https:\\\/\\\/levaic.com\\\/blog\\\/wp-content\\\/uploads\\\/2025\\\/04\\\/322.jpeg\",\"datePublished\":\"2025-04-30T10:05:54+00:00\",\"dateModified\":\"2025-04-30T12:17:31+00:00\",\"breadcrumb\":{\"@id\":\"https:\\\/\\\/levaic.com\\\/blog\\\/neden-hayvanlar-icin-variz-benim-hikayem-ve-pati-kolektif-in-yolculugu\\\/#breadcrumb\"},\"inLanguage\":\"tr\",\"potentialAction\":[{\"@type\":\"ReadAction\",\"target\":[\"https:\\\/\\\/levaic.com\\\/blog\\\/neden-hayvanlar-icin-variz-benim-hikayem-ve-pati-kolektif-in-yolculugu\\\/\"]}]},{\"@type\":\"ImageObject\",\"inLanguage\":\"tr\",\"@id\":\"https:\\\/\\\/levaic.com\\\/blog\\\/neden-hayvanlar-icin-variz-benim-hikayem-ve-pati-kolektif-in-yolculugu\\\/#primaryimage\",\"url\":\"https:\\\/\\\/levaic.com\\\/blog\\\/wp-content\\\/uploads\\\/2025\\\/04\\\/322.jpeg\",\"contentUrl\":\"https:\\\/\\\/levaic.com\\\/blog\\\/wp-content\\\/uploads\\\/2025\\\/04\\\/322.jpeg\",\"width\":900,\"height\":600},{\"@type\":\"BreadcrumbList\",\"@id\":\"https:\\\/\\\/levaic.com\\\/blog\\\/neden-hayvanlar-icin-variz-benim-hikayem-ve-pati-kolektif-in-yolculugu\\\/#breadcrumb\",\"itemListElement\":[{\"@type\":\"ListItem\",\"position\":1,\"name\":\"Home\",\"item\":\"https:\\\/\\\/levaic.com\\\/blog\\\/\"},{\"@type\":\"ListItem\",\"position\":2,\"name\":\"Neden Hayvanlar \u0130\u00e7in Var\u0131z? Benim Hik\u00e2yem ve Pati Kolektif \u2019in Yolculu\u011fu\"}]},{\"@type\":\"WebSite\",\"@id\":\"https:\\\/\\\/levaic.com\\\/blog\\\/#website\",\"url\":\"https:\\\/\\\/levaic.com\\\/blog\\\/\",\"name\":\"Lev\u00e2ic \u0130li\u015fkilere Dair Her\u015fey\",\"description\":\"\u0130li\u015fkilere dair her\u015feyi Lev&acirc;ic'te bulabilirsiniz!\",\"publisher\":{\"@id\":\"https:\\\/\\\/levaic.com\\\/blog\\\/#organization\"},\"potentialAction\":[{\"@type\":\"SearchAction\",\"target\":{\"@type\":\"EntryPoint\",\"urlTemplate\":\"https:\\\/\\\/levaic.com\\\/blog\\\/?s={search_term_string}\"},\"query-input\":{\"@type\":\"PropertyValueSpecification\",\"valueRequired\":true,\"valueName\":\"search_term_string\"}}],\"inLanguage\":\"tr\"},{\"@type\":\"Organization\",\"@id\":\"https:\\\/\\\/levaic.com\\\/blog\\\/#organization\",\"name\":\"Lev\u00e2ic \u0130li\u015fkilere Dair Her\u015fey\",\"url\":\"https:\\\/\\\/levaic.com\\\/blog\\\/\",\"logo\":{\"@type\":\"ImageObject\",\"inLanguage\":\"tr\",\"@id\":\"https:\\\/\\\/levaic.com\\\/blog\\\/#\\\/schema\\\/logo\\\/image\\\/\",\"url\":\"https:\\\/\\\/levaic.com\\\/blog\\\/wp-content\\\/uploads\\\/2024\\\/05\\\/2-3.png\",\"contentUrl\":\"https:\\\/\\\/levaic.com\\\/blog\\\/wp-content\\\/uploads\\\/2024\\\/05\\\/2-3.png\",\"width\":1046,\"height\":173,\"caption\":\"Lev\u00e2ic \u0130li\u015fkilere Dair Her\u015fey\"},\"image\":{\"@id\":\"https:\\\/\\\/levaic.com\\\/blog\\\/#\\\/schema\\\/logo\\\/image\\\/\"}},{\"@type\":\"Person\",\"@id\":\"https:\\\/\\\/levaic.com\\\/blog\\\/#\\\/schema\\\/person\\\/1a7fe0868dede158b7afb3d84d88aedf\",\"name\":\"Tu\u011f\u00e7e \u00d6zgen\",\"image\":{\"@type\":\"ImageObject\",\"inLanguage\":\"tr\",\"@id\":\"https:\\\/\\\/secure.gravatar.com\\\/avatar\\\/e847ff42bb301ac3400ecd58dea0fe98183eaffec69868293f9db312c4b66d32?s=96&d=mm&r=g\",\"url\":\"https:\\\/\\\/secure.gravatar.com\\\/avatar\\\/e847ff42bb301ac3400ecd58dea0fe98183eaffec69868293f9db312c4b66d32?s=96&d=mm&r=g\",\"contentUrl\":\"https:\\\/\\\/secure.gravatar.com\\\/avatar\\\/e847ff42bb301ac3400ecd58dea0fe98183eaffec69868293f9db312c4b66d32?s=96&d=mm&r=g\",\"caption\":\"Tu\u011f\u00e7e \u00d6zgen\"},\"url\":\"https:\\\/\\\/levaic.com\\\/blog\\\/author\\\/tugceozgen\\\/\"}]}<\/script>\n<!-- \/ Yoast SEO plugin. -->","yoast_head_json":{"title":"Neden Hayvanlar \u0130\u00e7in Var\u0131z? Benim Hik\u00e2yem ve Pati Kolektif \u2019in Yolculu\u011fu - Lev&acirc;ic \u0130li\u015fkilere Dair Her\u015fey","robots":{"index":"index","follow":"follow","max-snippet":"max-snippet:-1","max-image-preview":"max-image-preview:large","max-video-preview":"max-video-preview:-1"},"canonical":"https:\/\/levaic.com\/blog\/neden-hayvanlar-icin-variz-benim-hikayem-ve-pati-kolektif-in-yolculugu\/","og_locale":"tr_TR","og_type":"article","og_title":"Neden Hayvanlar \u0130\u00e7in Var\u0131z? Benim Hik\u00e2yem ve Pati Kolektif \u2019in Yolculu\u011fu - Lev&acirc;ic \u0130li\u015fkilere Dair Her\u015fey","og_description":"Her g\u00fcn, insanlar\u0131n hayvanlardan \u00fcst\u00fcn oldu\u011fu fikri sessizce zihnimize i\u015fleniyor. O kadar ki, hayvanlara zarar vermek, onlar\u0131 g\u00f6rmezden gelmek h\u00e2l\u00e2 bir\u00e7ok yerde normalle\u015ftirilmi\u015f durumda. Ama bu d\u00fc\u015f\u00fcnceye teslim olmak zorunda de\u011filiz. Ayn\u0131 d\u00fcnyay\u0131 payla\u015ft\u0131\u011f\u0131m\u0131z canl\u0131lar\u0131 tan\u0131d\u0131k\u00e7a, onlara sayg\u0131 ve \u015fefkatle yakla\u015fmay\u0131 da se\u00e7ebiliriz. \u00c7\u00fcnk\u00fc sevgi yaln\u0131zca k\u00f6pek ya da kediyle s\u0131n\u0131rl\u0131 de\u011fil; b\u00fct\u00fcn t\u00fcrlere uzanmal\u0131. [&hellip;]","og_url":"https:\/\/levaic.com\/blog\/neden-hayvanlar-icin-variz-benim-hikayem-ve-pati-kolektif-in-yolculugu\/","og_site_name":"Lev&acirc;ic \u0130li\u015fkilere Dair Her\u015fey","article_published_time":"2025-04-30T10:05:54+00:00","article_modified_time":"2025-04-30T12:17:31+00:00","og_image":[{"width":900,"height":600,"url":"https:\/\/levaic.com\/blog\/wp-content\/uploads\/2025\/04\/322.jpeg","type":"image\/jpeg"}],"author":"Tu\u011f\u00e7e \u00d6zgen","twitter_card":"summary_large_image","twitter_misc":{"Yazan:":"Tu\u011f\u00e7e \u00d6zgen","Tahmini okuma s\u00fcresi":"4 dakika"},"schema":{"@context":"https:\/\/schema.org","@graph":[{"@type":"Article","@id":"https:\/\/levaic.com\/blog\/neden-hayvanlar-icin-variz-benim-hikayem-ve-pati-kolektif-in-yolculugu\/#article","isPartOf":{"@id":"https:\/\/levaic.com\/blog\/neden-hayvanlar-icin-variz-benim-hikayem-ve-pati-kolektif-in-yolculugu\/"},"author":{"name":"Tu\u011f\u00e7e \u00d6zgen","@id":"https:\/\/levaic.com\/blog\/#\/schema\/person\/1a7fe0868dede158b7afb3d84d88aedf"},"headline":"Neden Hayvanlar \u0130\u00e7in Var\u0131z? Benim Hik\u00e2yem ve Pati Kolektif \u2019in Yolculu\u011fu","datePublished":"2025-04-30T10:05:54+00:00","dateModified":"2025-04-30T12:17:31+00:00","mainEntityOfPage":{"@id":"https:\/\/levaic.com\/blog\/neden-hayvanlar-icin-variz-benim-hikayem-ve-pati-kolektif-in-yolculugu\/"},"wordCount":792,"commentCount":0,"publisher":{"@id":"https:\/\/levaic.com\/blog\/#organization"},"image":{"@id":"https:\/\/levaic.com\/blog\/neden-hayvanlar-icin-variz-benim-hikayem-ve-pati-kolektif-in-yolculugu\/#primaryimage"},"thumbnailUrl":"https:\/\/levaic.com\/blog\/wp-content\/uploads\/2025\/04\/322.jpeg","articleSection":["Sosyal \u0130li\u015fkilerim"],"inLanguage":"tr","potentialAction":[{"@type":"CommentAction","name":"Comment","target":["https:\/\/levaic.com\/blog\/neden-hayvanlar-icin-variz-benim-hikayem-ve-pati-kolektif-in-yolculugu\/#respond"]}]},{"@type":"WebPage","@id":"https:\/\/levaic.com\/blog\/neden-hayvanlar-icin-variz-benim-hikayem-ve-pati-kolektif-in-yolculugu\/","url":"https:\/\/levaic.com\/blog\/neden-hayvanlar-icin-variz-benim-hikayem-ve-pati-kolektif-in-yolculugu\/","name":"Neden Hayvanlar \u0130\u00e7in Var\u0131z? Benim Hik\u00e2yem ve Pati Kolektif \u2019in Yolculu\u011fu - Lev&acirc;ic \u0130li\u015fkilere Dair Her\u015fey","isPartOf":{"@id":"https:\/\/levaic.com\/blog\/#website"},"primaryImageOfPage":{"@id":"https:\/\/levaic.com\/blog\/neden-hayvanlar-icin-variz-benim-hikayem-ve-pati-kolektif-in-yolculugu\/#primaryimage"},"image":{"@id":"https:\/\/levaic.com\/blog\/neden-hayvanlar-icin-variz-benim-hikayem-ve-pati-kolektif-in-yolculugu\/#primaryimage"},"thumbnailUrl":"https:\/\/levaic.com\/blog\/wp-content\/uploads\/2025\/04\/322.jpeg","datePublished":"2025-04-30T10:05:54+00:00","dateModified":"2025-04-30T12:17:31+00:00","breadcrumb":{"@id":"https:\/\/levaic.com\/blog\/neden-hayvanlar-icin-variz-benim-hikayem-ve-pati-kolektif-in-yolculugu\/#breadcrumb"},"inLanguage":"tr","potentialAction":[{"@type":"ReadAction","target":["https:\/\/levaic.com\/blog\/neden-hayvanlar-icin-variz-benim-hikayem-ve-pati-kolektif-in-yolculugu\/"]}]},{"@type":"ImageObject","inLanguage":"tr","@id":"https:\/\/levaic.com\/blog\/neden-hayvanlar-icin-variz-benim-hikayem-ve-pati-kolektif-in-yolculugu\/#primaryimage","url":"https:\/\/levaic.com\/blog\/wp-content\/uploads\/2025\/04\/322.jpeg","contentUrl":"https:\/\/levaic.com\/blog\/wp-content\/uploads\/2025\/04\/322.jpeg","width":900,"height":600},{"@type":"BreadcrumbList","@id":"https:\/\/levaic.com\/blog\/neden-hayvanlar-icin-variz-benim-hikayem-ve-pati-kolektif-in-yolculugu\/#breadcrumb","itemListElement":[{"@type":"ListItem","position":1,"name":"Home","item":"https:\/\/levaic.com\/blog\/"},{"@type":"ListItem","position":2,"name":"Neden Hayvanlar \u0130\u00e7in Var\u0131z? Benim Hik\u00e2yem ve Pati Kolektif \u2019in Yolculu\u011fu"}]},{"@type":"WebSite","@id":"https:\/\/levaic.com\/blog\/#website","url":"https:\/\/levaic.com\/blog\/","name":"Lev\u00e2ic \u0130li\u015fkilere Dair Her\u015fey","description":"\u0130li\u015fkilere dair her\u015feyi Lev&acirc;ic'te bulabilirsiniz!","publisher":{"@id":"https:\/\/levaic.com\/blog\/#organization"},"potentialAction":[{"@type":"SearchAction","target":{"@type":"EntryPoint","urlTemplate":"https:\/\/levaic.com\/blog\/?s={search_term_string}"},"query-input":{"@type":"PropertyValueSpecification","valueRequired":true,"valueName":"search_term_string"}}],"inLanguage":"tr"},{"@type":"Organization","@id":"https:\/\/levaic.com\/blog\/#organization","name":"Lev\u00e2ic \u0130li\u015fkilere Dair Her\u015fey","url":"https:\/\/levaic.com\/blog\/","logo":{"@type":"ImageObject","inLanguage":"tr","@id":"https:\/\/levaic.com\/blog\/#\/schema\/logo\/image\/","url":"https:\/\/levaic.com\/blog\/wp-content\/uploads\/2024\/05\/2-3.png","contentUrl":"https:\/\/levaic.com\/blog\/wp-content\/uploads\/2024\/05\/2-3.png","width":1046,"height":173,"caption":"Lev\u00e2ic \u0130li\u015fkilere Dair Her\u015fey"},"image":{"@id":"https:\/\/levaic.com\/blog\/#\/schema\/logo\/image\/"}},{"@type":"Person","@id":"https:\/\/levaic.com\/blog\/#\/schema\/person\/1a7fe0868dede158b7afb3d84d88aedf","name":"Tu\u011f\u00e7e \u00d6zgen","image":{"@type":"ImageObject","inLanguage":"tr","@id":"https:\/\/secure.gravatar.com\/avatar\/e847ff42bb301ac3400ecd58dea0fe98183eaffec69868293f9db312c4b66d32?s=96&d=mm&r=g","url":"https:\/\/secure.gravatar.com\/avatar\/e847ff42bb301ac3400ecd58dea0fe98183eaffec69868293f9db312c4b66d32?s=96&d=mm&r=g","contentUrl":"https:\/\/secure.gravatar.com\/avatar\/e847ff42bb301ac3400ecd58dea0fe98183eaffec69868293f9db312c4b66d32?s=96&d=mm&r=g","caption":"Tu\u011f\u00e7e \u00d6zgen"},"url":"https:\/\/levaic.com\/blog\/author\/tugceozgen\/"}]}},"_links":{"self":[{"href":"https:\/\/levaic.com\/blog\/wp-json\/wp\/v2\/posts\/52659","targetHints":{"allow":["GET"]}}],"collection":[{"href":"https:\/\/levaic.com\/blog\/wp-json\/wp\/v2\/posts"}],"about":[{"href":"https:\/\/levaic.com\/blog\/wp-json\/wp\/v2\/types\/post"}],"author":[{"embeddable":true,"href":"https:\/\/levaic.com\/blog\/wp-json\/wp\/v2\/users\/12"}],"replies":[{"embeddable":true,"href":"https:\/\/levaic.com\/blog\/wp-json\/wp\/v2\/comments?post=52659"}],"version-history":[{"count":1,"href":"https:\/\/levaic.com\/blog\/wp-json\/wp\/v2\/posts\/52659\/revisions"}],"predecessor-version":[{"id":52660,"href":"https:\/\/levaic.com\/blog\/wp-json\/wp\/v2\/posts\/52659\/revisions\/52660"}],"wp:featuredmedia":[{"embeddable":true,"href":"https:\/\/levaic.com\/blog\/wp-json\/wp\/v2\/media\/52661"}],"wp:attachment":[{"href":"https:\/\/levaic.com\/blog\/wp-json\/wp\/v2\/media?parent=52659"}],"wp:term":[{"taxonomy":"category","embeddable":true,"href":"https:\/\/levaic.com\/blog\/wp-json\/wp\/v2\/categories?post=52659"},{"taxonomy":"post_tag","embeddable":true,"href":"https:\/\/levaic.com\/blog\/wp-json\/wp\/v2\/tags?post=52659"},{"taxonomy":"jnews-series","embeddable":true,"href":"https:\/\/levaic.com\/blog\/wp-json\/wp\/v2\/jnews-series?post=52659"}],"curies":[{"name":"wp","href":"https:\/\/api.w.org\/{rel}","templated":true}]}}