{"id":51277,"date":"2024-11-15T02:37:07","date_gmt":"2024-11-14T23:37:07","guid":{"rendered":"https:\/\/levaic.com\/blog\/?p=51277"},"modified":"2025-05-26T23:25:52","modified_gmt":"2025-05-26T20:25:52","slug":"sosyal-medyanin-genc-nesillerdeki-olumsuz-etkileri-j-d-ornegi","status":"publish","type":"post","link":"https:\/\/levaic.com\/blog\/sosyal-medyanin-genc-nesillerdeki-olumsuz-etkileri-j-d-ornegi\/","title":{"rendered":"Sosyal Medyan\u0131n Gen\u00e7 Nesillerdeki Olumsuz Etkileri: J.D. \u00d6rne\u011fi"},"content":{"rendered":"<p data-redactor-style-cache=\"text-align: justify;\">Sosyal medyan\u0131n gen\u00e7lerin hayat\u0131na etkisi giderek art\u0131yor ve bu platformlar\u0131n toplumsal ahlak \u00fczerindeki tahribat\u0131 da g\u00fcn ge\u00e7tik\u00e7e b\u00fcy\u00fcyor. Sosyal medya, gen\u00e7leri ve \u00e7ocuklar\u0131 kolayca pop\u00fcler olma vaadiyle cezbederken, hayatlar\u0131n\u0131 derinden etkiliyor ve bazen geri d\u00f6n\u00fc\u015f\u00fc olmayan izler de b\u0131rak\u0131yor. &#8220;J. D.&#8221; gibi \u00f6rnekler bu duruma \u00e7arp\u0131c\u0131 bir \u00f6rnek te\u015fkil ediyor. J. D., 6 ya\u015f\u0131ndan itibaren sosyal medyada aktif olan, gen\u00e7 ya\u015fta geni\u015f bir yeti\u015fkin erkek\u00a0takip\u00e7i kitlesine ula\u015fan ve ciddi bir gelir elde eden bir gen\u00e7 k\u0131zd\u0131r. Ancak bu pop\u00fclerlik, hen\u00fcz olgunla\u015fmam\u0131\u015f bir birey i\u00e7in a\u011f\u0131r bir y\u00fck haline gelmi\u015ftir. Binlerce erke\u011fin onu cinsiyet\u00e7i bir bak\u0131\u015fla de\u011ferlendirmesi ve \u00f6zel anlar\u0131n\u0131 sosyal medyada para kar\u015f\u0131l\u0131\u011f\u0131nda payla\u015fmas\u0131, gen\u00e7lerin ki\u015fisel de\u011ferlerini bir &#8220;meta&#8221; olarak sunmalar\u0131na ve ki\u015filik geli\u015fimlerinde derin yaralar a\u00e7malar\u0131na bir \u00f6rnektir. Toplumsal ahlak a\u00e7\u0131s\u0131ndan, sosyal medya \u00e7ocuk ve gen\u00e7lerin kendi benliklerinden uzakla\u015fmalar\u0131n\u0131 ve sahte bir kimlik olu\u015fturmalar\u0131n\u0131 etkileyen en \u00f6nemli fakt\u00f6rlerden biri haline gelmektedir.<\/p>\n<p data-redactor-style-cache=\"text-align: justify;\">Gen\u00e7ler, pop\u00fcler olmak i\u00e7in abart\u0131l\u0131 davran\u0131\u015flar sergileyerek ger\u00e7ek kimliklerinden kopmakta ve sadece takip\u00e7ilerin ilgisini \u00e7ekmeye odaklanmaktalar. Bu s\u00fcre\u00e7te, gen\u00e7 ya\u015fta birer &#8220;t\u00fcketim arac\u0131&#8221; haline geliyorlar ve bu durum ruh sa\u011fl\u0131klar\u0131 \u00fczerinde ciddi tehlikeler bar\u0131nd\u0131rmaktad\u0131r. Ailelerin de bu davran\u0131\u015flar\u0131 desteklemesi, sosyal medya fenomeni olmay\u0131 gen\u00e7lerin g\u00f6z\u00fcnde toplumsal de\u011ferlerden daha \u00f6nemli hale getirmektedir. Sosyal medya platformlar\u0131 ise pop\u00fclerlik ve etkile\u015fim i\u00e7in &#8220;g\u00f6rsel i\u00e7erik&#8221; \u00fcretimini te\u015fvik etmektedir. Algoritmalar, daha fazla izlenme ve be\u011feni getiren i\u00e7erikleri \u00f6ne \u00e7\u0131kararak kullan\u0131c\u0131lar\u0131 bu t\u00fcr payla\u015f\u0131mlar yapmaya zorlamaktad\u0131r. Asl\u0131nda en b\u00fcy\u00fck tehdit, sosyal medyan\u0131n gen\u00e7lerin mahremiyet alg\u0131s\u0131n\u0131 a\u015f\u0131nd\u0131rmas\u0131 ve onlar\u0131 sadece &#8220;daha fazla izleyici veya takip\u00e7i&#8221; kazanma odakl\u0131 d\u00fc\u015f\u00fcnmeye y\u00f6nlendirmesidir. Kullan\u0131c\u0131lar\u0131n ahlaki de\u011ferleri g\u00f6z ard\u0131 ederek gen\u00e7lere olumsuz yakla\u015f\u0131mlarda bulunmas\u0131 ve onlar\u0131n ki\u015filik geli\u015fimini olumsuz etkilemesidir.<\/p>\n<p data-redactor-style-cache=\"text-align: justify;\">Sonu\u00e7 olarak, sosyal medya fenomeni olma hevesiyle ba\u015flayan bu s\u00fcre\u00e7, gen\u00e7lerin ruhsal ve toplumsal sa\u011fl\u0131\u011f\u0131n\u0131 tehlikeye atan, onlar\u0131 yaln\u0131zla\u015ft\u0131ran bir hale gelmi\u015ftir. Bu nedenle, sosyal medya platformlar\u0131n\u0131n gen\u00e7lerin sa\u011fl\u0131kl\u0131 geli\u015fimi i\u00e7in daha fazla sorumluluk almas\u0131 ve ebeveynlerin bilin\u00e7li bir tutum sergilemesi gerekmektedir. Gen\u00e7lerin kendilerini ifade ederken s\u0131n\u0131rlar\u0131n\u0131 koruyabilmeleri i\u00e7in platformlarda mahremiyeti te\u015fvik eden d\u00fczenlemeler yap\u0131lmal\u0131d\u0131r. \u00d6zetle,\u00a0sosyal medya \u00e7a\u011f\u0131nda b\u00fcy\u00fcyen gen\u00e7ler, toplumsal ahlak\u0131n s\u0131n\u0131rlar\u0131n\u0131 zorlayan bir dijital k\u00fclt\u00fcr i\u00e7inde yeti\u015fmekte ve bu durum hem bireysel hem de toplumsal de\u011ferleri derinden etkilemektedir. &#8220;J. D.&#8221; gibi \u00f6rneklerde g\u00f6rd\u00fc\u011f\u00fcm\u00fcz \u00fczere, gen\u00e7 ya\u015fta pop\u00fclerlik pe\u015finde ko\u015fmak, onlar\u0131 ahlaki de\u011ferlerden uzakla\u015ft\u0131rmakta ve sahte bir kimlik olu\u015fturmaya itmektedir. Bu nedenle, sosyal medya platformlar\u0131n\u0131n ve ebeveynlerin bu s\u00fcreci bilin\u00e7li bir \u015fekilde y\u00f6netmesi ve gen\u00e7lere do\u011fru de\u011ferleri ve erdemli davran\u0131\u015flar\u0131 a\u015f\u0131lamas\u0131 b\u00fcy\u00fck \u00f6nem ta\u015f\u0131maktad\u0131r. Bu hususta \u00f6zellikle aile bireylerine ve e\u011fitimcilere \u00f6rnek te\u015fkil etmeleri a\u00e7\u0131s\u0131ndan b\u00fcy\u00fck bir sorumluluk d\u00fc\u015fmektedir.<\/p>\n<p>Sosyal medyan\u0131n gen\u00e7ler \u00fczerindeki etkileri g\u00fcn ge\u00e7tik\u00e7e daha g\u00f6r\u00fcn\u00fcr hale gelmekte ve bu platformlar\u0131n bireysel kimlik geli\u015fiminden toplumsal de\u011ferlere kadar geni\u015f bir yelpazede tahribata yol a\u00e7t\u0131\u011f\u0131 g\u00f6zlemlenmektedir. Gen\u00e7ler, pop\u00fclerlik kazanma arzusuyla, kendi kimliklerinden koparak sahte kimlikler geli\u015ftirmeye meyil g\u00f6stermekte, ruhsal sa\u011fl\u0131klar\u0131 ve benlik de\u011ferleri \u00fczerinde ciddi tehlikelerle kar\u015f\u0131 kar\u015f\u0131ya kalmaktad\u0131r. Bu s\u00fcre\u00e7te sosyal medya algoritmalar\u0131n\u0131n y\u00f6nlendirmeleri, pop\u00fcler i\u00e7erikleri \u00f6ne \u00e7\u0131kararak gen\u00e7leri mahremiyet s\u0131n\u0131rlar\u0131n\u0131 zorlayan payla\u015f\u0131mlar yapmaya y\u00f6neltmektedir. T\u00fcm bunlar\u0131n \u0131\u015f\u0131\u011f\u0131nda, gen\u00e7lerin sa\u011fl\u0131kl\u0131 bir \u015fekilde b\u00fcy\u00fcmesi, sosyal medya platformlar\u0131n\u0131n daha fazla sorumluluk almas\u0131 ve ebeveynlerin bilin\u00e7li bir tutum sergilemesiyle m\u00fcmk\u00fcn olacakt\u0131r. Toplumsal ahlak\u0131n korunmas\u0131 ve bireysel de\u011ferlerin sa\u011flam bir zemine oturtulmas\u0131 i\u00e7in ailelerin ve e\u011fitimcilerin rol modeli olmalar\u0131 \u00f6nem ta\u015f\u0131maktad\u0131r.<\/p>\n<p><b>Gen\u00e7lerin sosyal medya etkilerinden korunmalar\u0131 ve daha sa\u011fl\u0131kl\u0131 bireyler olarak yeti\u015fmeleri i\u00e7in Levdan\u0131\u015fmanl\u0131k ve rehberlik hizmetlerimizden faydalanabilirsiniz. \u0130li\u015fki terapisi, aile i\u00e7i ileti\u015fim ve sosyal medya etkilerine kar\u015f\u0131 bilin\u00e7li ebeveynlik gibi konularda sundu\u011fumuz destek hizmetleri hakk\u0131nda detayl\u0131 bilgi almak i\u00e7in bizimle ileti\u015fime ge\u00e7ebilirsiniz.<\/b><\/p>\n<p>\u0130\u00e7inde ya\u015fad\u0131\u011f\u0131m\u0131z toplumdan beklentiler, bask\u0131lar, uyum ve yaln\u0131zl\u0131k, ay\u0131r\u0131mc\u0131l\u0131k, k\u00fclt\u00fcrel farkl\u0131l\u0131klar, olumlu d\u00fc\u015f\u00fcnmek, olumluyu \u00e7o\u011faltmak gibi bir \u00e7ok konu ba\u015fl\u0131\u011f\u0131nda toplumla olan ili\u015fkiniz, hayattan alaca\u011f\u0131n\u0131z memnuniyeti en temelden etkiler, bu konuda <a href=\"https:\/\/levaic.com\/service\/toplumla-olan-iliskilerim\/\">Lev\u00e2ic Dan\u0131\u015fmanlar\u0131<\/a>ndan dan\u0131\u015fmanl\u0131klar alarak Toplumla olan ili\u015fkilerinizde daha yetkin olabilirsiniz.Ayr\u0131ca <a href=\"https:\/\/levaic.com\/main-page-growth\/\">Lev\u00e2ic GROWT<\/a>\u2019da Toplumla Olan \u0130li\u015fkilerim kategorisinden ilgili geli\u015fim \u00e7al\u0131\u015fmalar\u0131ndan yararlanarak 7\/24 bak\u0131\u015f a\u00e7\u0131n\u0131z\u0131 geli\u015ftirebilirsiniz.<\/p>\n<p><a href=\"https:\/\/levaic.com\/service\/iliski-yetkinlikleri-analizi\/\">Lev\u00e2ic \u0130li\u015fki Yetkinli\u011fi Analizi<\/a> ile ili\u015fki kurma ve s\u00fcrd\u00fcrebilme becerilerinizi de\u011ferlendirilmesini isteyebilirsiniz. Bu Lev\u00e2ic&#8217;e \u00f6zel g\u00f6r\u00fc\u015fme t\u00fcr\u00fc ile konusunda uzman psikologlar taraf\u0131ndan ger\u00e7ekle\u015ftirilen ili\u015fki al\u0131\u015fkanl\u0131klar\u0131n\u0131z\u0131, ili\u015fki yetkinliklerinizi de\u011ferlendirildi\u011fi bir s\u00fcre\u00e7tir. G\u00f6r\u00fc\u015fme esnas\u0131nda dan\u0131\u015fman\u0131n\u0131zla birlikte karar verdi\u011finiz sizin i\u00e7in \u00f6nemli olan konular\u0131n\u0131z raporda belirtilir ve sizin i\u00e7in \u00f6zel bir geli\u015fim yolu haritas\u0131 \u00e7\u0131kart\u0131l\u0131r. Bu haritaya g\u00f6re geli\u015fim plan\u0131n\u0131z\u0131 kendiniz olu\u015fturur ve kolayca takip edebilirsiniz.<\/p>\n<p>Unutmay\u0131n, E\u011fer daha derinlemesine \u00e7al\u0131\u015fmak ve destek almak isterseniz, bizimle ileti\u015fime ge\u00e7ebilirsiniz; Lev\u00e2ic olarak bu s\u00fcre\u00e7te size destek olabilir ve rehberlik edebiliriz. Toplumla sa\u011fl\u0131kl\u0131 ili\u015fkileri i\u00e7erisinde olmak sizi huzurlu hissettirir. Lev\u00e2ic ile toplumla olan ileti\u015fiminizi g\u00fc\u00e7lendirmek, olumlu hayat ya\u015famak ve sa\u011fl\u0131kl\u0131 ili\u015fkiler kurmak i\u00e7in ilk ad\u0131m\u0131 atabilirsiniz. Kombinasyonlu ili\u015fki dan\u0131\u015fmanl\u0131klar\u0131m\u0131zda size yol g\u00f6stermek ve destek olmak i\u00e7in buraday\u0131z. Kendinize ve ruh sa\u011fl\u0131\u011f\u0131n\u0131za de\u011fer verin, hayat\u0131n tad\u0131n\u0131 \u00e7\u0131kar\u0131n! Sa\u011fl\u0131kl\u0131 ve mutlu ili\u015fkileri ile tatmin dolu bir hayat i\u00e7in ataca\u011f\u0131n\u0131z ad\u0131mlar\u0131 birlikte planlayabiliriz.<\/p>\n<p>Sevgiler,<\/p>\n<p>\u0130layda T\u00fcter<\/p>\n","protected":false},"excerpt":{"rendered":"<p>Sosyal medyan\u0131n gen\u00e7lerin hayat\u0131na etkisi giderek art\u0131yor ve bu platformlar\u0131n toplumsal ahlak \u00fczerindeki tahribat\u0131 da g\u00fcn ge\u00e7tik\u00e7e b\u00fcy\u00fcyor. Sosyal medya, gen\u00e7leri ve \u00e7ocuklar\u0131 kolayca pop\u00fcler olma vaadiyle cezbederken, hayatlar\u0131n\u0131 derinden etkiliyor ve bazen geri d\u00f6n\u00fc\u015f\u00fc olmayan izler de b\u0131rak\u0131yor. &#8220;J. D.&#8221; gibi \u00f6rnekler bu duruma \u00e7arp\u0131c\u0131 bir \u00f6rnek te\u015fkil ediyor. J. D., 6 ya\u015f\u0131ndan itibaren [&hellip;]<\/p>\n","protected":false},"author":5,"featured_media":49416,"comment_status":"open","ping_status":"open","sticky":false,"template":"","format":"standard","meta":{"_crdt_document":"","content-type":"","jnews-multi-image_gallery":[],"jnews_single_post":{"format":"standard","jnews_video_option_group":[[]],"override":[{"template":"1","parallax":"1","fullscreen":"1","layout":"right-sidebar","sidebar":"singlepost-widget","second_sidebar":"default-sidebar","sticky_sidebar":"1","share_position":"float","share_float_style":"share-normal","show_featured":"1","show_post_meta":"1","show_post_author":"1","show_post_author_image":"1","show_post_date":"1","post_date_format":"default","post_date_format_custom":"Y\/m\/d","show_post_category":"1","show_post_reading_time":"0","post_reading_time_wpm":"300","post_calculate_word_method":"str_word_count","show_zoom_button":"1","zoom_button_out_step":"2","zoom_button_in_step":"3","show_post_tag":"1","show_popup_post":"1","number_popup_post":"2","show_author_box":"1","show_post_related":"1"}],"image_override":[{"single_post_thumbnail_size":"no-crop","single_post_gallery_size":"crop-500"}],"trending_post_position":"meta","trending_post_label":"Trend","sponsored_post_label":"Sponsorlu","disable_ad":"0","subtitle":""},"jnews_primary_category":[],"jnews_override_bookmark_settings":{"override_bookmark_button":"0","override_show_bookmark_button":"0"},"jnews_social_meta":[],"jnews_paywall_metabox":{"enable_premium_post":"0","paragraph_limit":"2","enable_preview_post":"0","enable_preview_video":"0"},"jnews_review":[],"enable_review":"","type":"percentage","name":"","summary":"","brand":"","sku":"","good":[],"bad":[],"score_override":"","override_value":"","rating":[],"price":[],"jnews_override_counter":{"view_counter_number":"0","share_counter_number":"0","like_counter_number":"0","dislike_counter_number":"0"},"jnews_post_split":{"post_split":[{"template":"1","tag":"h2","numbering":"asc","mode":"normal","first":"0","enable_toc":"0","toc_type":"normal"}]},"jnews_podcast_option":[],"jnews_podcast_series":[],"footnotes":""},"categories":[65,379,632],"tags":[1629,1627,1635,1634,1630,1626,1628,1631,1632,1633,1625,1636],"jnews-series":[],"class_list":["post-51277","post","type-post","status-publish","format-standard","has-post-thumbnail","hentry","category-kendimle-olan-iliskim","category-laice","category-toplumla-olan-iliskilerim","tag-ahlaki-degerler","tag-dijital-kimlik","tag-ebeveyn-rehberligi","tag-gencler-ve-sosyal-medya","tag-genclik-psikolojisi","tag-genclik-ve-toplum","tag-mahremiyet","tag-populer-kultur","tag-sosyal-medya-aile-iliskileri","tag-sosyal-medya-bilinci","tag-sosyal-medya-etkileri","tag-sosyal-medya-fenomenleri"],"yoast_head":"<!-- This site is optimized with the Yoast SEO plugin v27.5 - https:\/\/yoast.com\/product\/yoast-seo-wordpress\/ -->\n<title>Sosyal Medyan\u0131n Gen\u00e7 Nesillerdeki Olumsuz Etkileri: J.D. \u00d6rne\u011fi - Lev&acirc;ic \u0130li\u015fkilere Dair Her\u015fey<\/title>\n<meta name=\"robots\" content=\"index, follow, max-snippet:-1, max-image-preview:large, max-video-preview:-1\" \/>\n<link rel=\"canonical\" href=\"https:\/\/levaic.com\/blog\/sosyal-medyanin-genc-nesillerdeki-olumsuz-etkileri-j-d-ornegi\/\" \/>\n<meta property=\"og:locale\" content=\"tr_TR\" \/>\n<meta property=\"og:type\" content=\"article\" \/>\n<meta property=\"og:title\" content=\"Sosyal Medyan\u0131n Gen\u00e7 Nesillerdeki Olumsuz Etkileri: J.D. \u00d6rne\u011fi - Lev&acirc;ic \u0130li\u015fkilere Dair Her\u015fey\" \/>\n<meta property=\"og:description\" content=\"Sosyal medyan\u0131n gen\u00e7lerin hayat\u0131na etkisi giderek art\u0131yor ve bu platformlar\u0131n toplumsal ahlak \u00fczerindeki tahribat\u0131 da g\u00fcn ge\u00e7tik\u00e7e b\u00fcy\u00fcyor. Sosyal medya, gen\u00e7leri ve \u00e7ocuklar\u0131 kolayca pop\u00fcler olma vaadiyle cezbederken, hayatlar\u0131n\u0131 derinden etkiliyor ve bazen geri d\u00f6n\u00fc\u015f\u00fc olmayan izler de b\u0131rak\u0131yor. &#8220;J. D.&#8221; gibi \u00f6rnekler bu duruma \u00e7arp\u0131c\u0131 bir \u00f6rnek te\u015fkil ediyor. J. D., 6 ya\u015f\u0131ndan itibaren [&hellip;]\" \/>\n<meta property=\"og:url\" content=\"https:\/\/levaic.com\/blog\/sosyal-medyanin-genc-nesillerdeki-olumsuz-etkileri-j-d-ornegi\/\" \/>\n<meta property=\"og:site_name\" content=\"Lev&acirc;ic \u0130li\u015fkilere Dair Her\u015fey\" \/>\n<meta property=\"article:published_time\" content=\"2024-11-14T23:37:07+00:00\" \/>\n<meta property=\"article:modified_time\" content=\"2025-05-26T20:25:52+00:00\" \/>\n<meta property=\"og:image\" content=\"https:\/\/levaic.com\/blog\/wp-content\/uploads\/2024\/05\/blog73.jpeg\" \/>\n\t<meta property=\"og:image:width\" content=\"1280\" \/>\n\t<meta property=\"og:image:height\" content=\"853\" \/>\n\t<meta property=\"og:image:type\" content=\"image\/jpeg\" \/>\n<meta name=\"author\" content=\"Dr. Aday\u0131 Uzm. Psikolog \u0130layda T\u00fcter\" \/>\n<meta name=\"twitter:card\" content=\"summary_large_image\" \/>\n<meta name=\"twitter:label1\" content=\"Yazan:\" \/>\n\t<meta name=\"twitter:data1\" content=\"Dr. Aday\u0131 Uzm. Psikolog \u0130layda T\u00fcter\" \/>\n\t<meta name=\"twitter:label2\" content=\"Tahmini okuma s\u00fcresi\" \/>\n\t<meta name=\"twitter:data2\" content=\"5 dakika\" \/>\n<script type=\"application\/ld+json\" class=\"yoast-schema-graph\">{\"@context\":\"https:\\\/\\\/schema.org\",\"@graph\":[{\"@type\":\"Article\",\"@id\":\"https:\\\/\\\/levaic.com\\\/blog\\\/sosyal-medyanin-genc-nesillerdeki-olumsuz-etkileri-j-d-ornegi\\\/#article\",\"isPartOf\":{\"@id\":\"https:\\\/\\\/levaic.com\\\/blog\\\/sosyal-medyanin-genc-nesillerdeki-olumsuz-etkileri-j-d-ornegi\\\/\"},\"author\":{\"name\":\"Dr. Aday\u0131 Uzm. Psikolog \u0130layda T\u00fcter\",\"@id\":\"https:\\\/\\\/levaic.com\\\/blog\\\/#\\\/schema\\\/person\\\/6cfa6d132b6028282a532f93334b99a0\"},\"headline\":\"Sosyal Medyan\u0131n Gen\u00e7 Nesillerdeki Olumsuz Etkileri: J.D. \u00d6rne\u011fi\",\"datePublished\":\"2024-11-14T23:37:07+00:00\",\"dateModified\":\"2025-05-26T20:25:52+00:00\",\"mainEntityOfPage\":{\"@id\":\"https:\\\/\\\/levaic.com\\\/blog\\\/sosyal-medyanin-genc-nesillerdeki-olumsuz-etkileri-j-d-ornegi\\\/\"},\"wordCount\":1145,\"commentCount\":0,\"publisher\":{\"@id\":\"https:\\\/\\\/levaic.com\\\/blog\\\/#organization\"},\"image\":{\"@id\":\"https:\\\/\\\/levaic.com\\\/blog\\\/sosyal-medyanin-genc-nesillerdeki-olumsuz-etkileri-j-d-ornegi\\\/#primaryimage\"},\"thumbnailUrl\":\"https:\\\/\\\/levaic.com\\\/blog\\\/wp-content\\\/uploads\\\/2024\\\/05\\\/blog73.jpeg\",\"keywords\":[\"ahlaki de\u011ferler\",\"dijital kimlik\",\"ebeveyn rehberli\u011fi\",\"gen\u00e7ler ve sosyal medya\",\"gen\u00e7lik psikolojisi\",\"gen\u00e7lik ve toplum\",\"mahremiyet\",\"pop\u00fcler k\u00fclt\u00fcr\",\"sosyal medya aile ili\u015fkileri\",\"sosyal medya bilinci\",\"sosyal medya etkileri\",\"sosyal medya fenomenleri\"],\"articleSection\":[\"Kendimle Olan \u0130li\u015fkim\",\"L\u00e2ice\",\"Toplumla Olan \u0130li\u015fkilerim\"],\"inLanguage\":\"tr\",\"potentialAction\":[{\"@type\":\"CommentAction\",\"name\":\"Comment\",\"target\":[\"https:\\\/\\\/levaic.com\\\/blog\\\/sosyal-medyanin-genc-nesillerdeki-olumsuz-etkileri-j-d-ornegi\\\/#respond\"]}]},{\"@type\":\"WebPage\",\"@id\":\"https:\\\/\\\/levaic.com\\\/blog\\\/sosyal-medyanin-genc-nesillerdeki-olumsuz-etkileri-j-d-ornegi\\\/\",\"url\":\"https:\\\/\\\/levaic.com\\\/blog\\\/sosyal-medyanin-genc-nesillerdeki-olumsuz-etkileri-j-d-ornegi\\\/\",\"name\":\"Sosyal Medyan\u0131n Gen\u00e7 Nesillerdeki Olumsuz Etkileri: J.D. \u00d6rne\u011fi - Lev&acirc;ic \u0130li\u015fkilere Dair Her\u015fey\",\"isPartOf\":{\"@id\":\"https:\\\/\\\/levaic.com\\\/blog\\\/#website\"},\"primaryImageOfPage\":{\"@id\":\"https:\\\/\\\/levaic.com\\\/blog\\\/sosyal-medyanin-genc-nesillerdeki-olumsuz-etkileri-j-d-ornegi\\\/#primaryimage\"},\"image\":{\"@id\":\"https:\\\/\\\/levaic.com\\\/blog\\\/sosyal-medyanin-genc-nesillerdeki-olumsuz-etkileri-j-d-ornegi\\\/#primaryimage\"},\"thumbnailUrl\":\"https:\\\/\\\/levaic.com\\\/blog\\\/wp-content\\\/uploads\\\/2024\\\/05\\\/blog73.jpeg\",\"datePublished\":\"2024-11-14T23:37:07+00:00\",\"dateModified\":\"2025-05-26T20:25:52+00:00\",\"breadcrumb\":{\"@id\":\"https:\\\/\\\/levaic.com\\\/blog\\\/sosyal-medyanin-genc-nesillerdeki-olumsuz-etkileri-j-d-ornegi\\\/#breadcrumb\"},\"inLanguage\":\"tr\",\"potentialAction\":[{\"@type\":\"ReadAction\",\"target\":[\"https:\\\/\\\/levaic.com\\\/blog\\\/sosyal-medyanin-genc-nesillerdeki-olumsuz-etkileri-j-d-ornegi\\\/\"]}]},{\"@type\":\"ImageObject\",\"inLanguage\":\"tr\",\"@id\":\"https:\\\/\\\/levaic.com\\\/blog\\\/sosyal-medyanin-genc-nesillerdeki-olumsuz-etkileri-j-d-ornegi\\\/#primaryimage\",\"url\":\"https:\\\/\\\/levaic.com\\\/blog\\\/wp-content\\\/uploads\\\/2024\\\/05\\\/blog73.jpeg\",\"contentUrl\":\"https:\\\/\\\/levaic.com\\\/blog\\\/wp-content\\\/uploads\\\/2024\\\/05\\\/blog73.jpeg\",\"width\":1280,\"height\":853},{\"@type\":\"BreadcrumbList\",\"@id\":\"https:\\\/\\\/levaic.com\\\/blog\\\/sosyal-medyanin-genc-nesillerdeki-olumsuz-etkileri-j-d-ornegi\\\/#breadcrumb\",\"itemListElement\":[{\"@type\":\"ListItem\",\"position\":1,\"name\":\"Home\",\"item\":\"https:\\\/\\\/levaic.com\\\/blog\\\/\"},{\"@type\":\"ListItem\",\"position\":2,\"name\":\"Sosyal Medyan\u0131n Gen\u00e7 Nesillerdeki Olumsuz Etkileri: J.D. \u00d6rne\u011fi\"}]},{\"@type\":\"WebSite\",\"@id\":\"https:\\\/\\\/levaic.com\\\/blog\\\/#website\",\"url\":\"https:\\\/\\\/levaic.com\\\/blog\\\/\",\"name\":\"Lev\u00e2ic \u0130li\u015fkilere Dair Her\u015fey\",\"description\":\"\u0130li\u015fkilere dair her\u015feyi Lev&acirc;ic'te bulabilirsiniz!\",\"publisher\":{\"@id\":\"https:\\\/\\\/levaic.com\\\/blog\\\/#organization\"},\"potentialAction\":[{\"@type\":\"SearchAction\",\"target\":{\"@type\":\"EntryPoint\",\"urlTemplate\":\"https:\\\/\\\/levaic.com\\\/blog\\\/?s={search_term_string}\"},\"query-input\":{\"@type\":\"PropertyValueSpecification\",\"valueRequired\":true,\"valueName\":\"search_term_string\"}}],\"inLanguage\":\"tr\"},{\"@type\":\"Organization\",\"@id\":\"https:\\\/\\\/levaic.com\\\/blog\\\/#organization\",\"name\":\"Lev\u00e2ic \u0130li\u015fkilere Dair Her\u015fey\",\"url\":\"https:\\\/\\\/levaic.com\\\/blog\\\/\",\"logo\":{\"@type\":\"ImageObject\",\"inLanguage\":\"tr\",\"@id\":\"https:\\\/\\\/levaic.com\\\/blog\\\/#\\\/schema\\\/logo\\\/image\\\/\",\"url\":\"https:\\\/\\\/levaic.com\\\/blog\\\/wp-content\\\/uploads\\\/2024\\\/05\\\/2-3.png\",\"contentUrl\":\"https:\\\/\\\/levaic.com\\\/blog\\\/wp-content\\\/uploads\\\/2024\\\/05\\\/2-3.png\",\"width\":1046,\"height\":173,\"caption\":\"Lev\u00e2ic \u0130li\u015fkilere Dair Her\u015fey\"},\"image\":{\"@id\":\"https:\\\/\\\/levaic.com\\\/blog\\\/#\\\/schema\\\/logo\\\/image\\\/\"}},{\"@type\":\"Person\",\"@id\":\"https:\\\/\\\/levaic.com\\\/blog\\\/#\\\/schema\\\/person\\\/6cfa6d132b6028282a532f93334b99a0\",\"name\":\"Dr. Aday\u0131 Uzm. Psikolog \u0130layda T\u00fcter\",\"image\":{\"@type\":\"ImageObject\",\"inLanguage\":\"tr\",\"@id\":\"https:\\\/\\\/secure.gravatar.com\\\/avatar\\\/74c0d384c5d26d65e95c6b7aeea3eb1f960e062f6208c9e53aee2a18a0be6c3c?s=96&d=mm&r=g\",\"url\":\"https:\\\/\\\/secure.gravatar.com\\\/avatar\\\/74c0d384c5d26d65e95c6b7aeea3eb1f960e062f6208c9e53aee2a18a0be6c3c?s=96&d=mm&r=g\",\"contentUrl\":\"https:\\\/\\\/secure.gravatar.com\\\/avatar\\\/74c0d384c5d26d65e95c6b7aeea3eb1f960e062f6208c9e53aee2a18a0be6c3c?s=96&d=mm&r=g\",\"caption\":\"Dr. Aday\u0131 Uzm. Psikolog \u0130layda T\u00fcter\"},\"description\":\"Dan\u0131\u015fman Profiline Git\",\"url\":\"https:\\\/\\\/levaic.com\\\/blog\\\/author\\\/ilayda\\\/\"}]}<\/script>\n<!-- \/ Yoast SEO plugin. -->","yoast_head_json":{"title":"Sosyal Medyan\u0131n Gen\u00e7 Nesillerdeki Olumsuz Etkileri: J.D. \u00d6rne\u011fi - Lev&acirc;ic \u0130li\u015fkilere Dair Her\u015fey","robots":{"index":"index","follow":"follow","max-snippet":"max-snippet:-1","max-image-preview":"max-image-preview:large","max-video-preview":"max-video-preview:-1"},"canonical":"https:\/\/levaic.com\/blog\/sosyal-medyanin-genc-nesillerdeki-olumsuz-etkileri-j-d-ornegi\/","og_locale":"tr_TR","og_type":"article","og_title":"Sosyal Medyan\u0131n Gen\u00e7 Nesillerdeki Olumsuz Etkileri: J.D. \u00d6rne\u011fi - Lev&acirc;ic \u0130li\u015fkilere Dair Her\u015fey","og_description":"Sosyal medyan\u0131n gen\u00e7lerin hayat\u0131na etkisi giderek art\u0131yor ve bu platformlar\u0131n toplumsal ahlak \u00fczerindeki tahribat\u0131 da g\u00fcn ge\u00e7tik\u00e7e b\u00fcy\u00fcyor. Sosyal medya, gen\u00e7leri ve \u00e7ocuklar\u0131 kolayca pop\u00fcler olma vaadiyle cezbederken, hayatlar\u0131n\u0131 derinden etkiliyor ve bazen geri d\u00f6n\u00fc\u015f\u00fc olmayan izler de b\u0131rak\u0131yor. &#8220;J. D.&#8221; gibi \u00f6rnekler bu duruma \u00e7arp\u0131c\u0131 bir \u00f6rnek te\u015fkil ediyor. J. D., 6 ya\u015f\u0131ndan itibaren [&hellip;]","og_url":"https:\/\/levaic.com\/blog\/sosyal-medyanin-genc-nesillerdeki-olumsuz-etkileri-j-d-ornegi\/","og_site_name":"Lev&acirc;ic \u0130li\u015fkilere Dair Her\u015fey","article_published_time":"2024-11-14T23:37:07+00:00","article_modified_time":"2025-05-26T20:25:52+00:00","og_image":[{"width":1280,"height":853,"url":"https:\/\/levaic.com\/blog\/wp-content\/uploads\/2024\/05\/blog73.jpeg","type":"image\/jpeg"}],"author":"Dr. Aday\u0131 Uzm. Psikolog \u0130layda T\u00fcter","twitter_card":"summary_large_image","twitter_misc":{"Yazan:":"Dr. Aday\u0131 Uzm. Psikolog \u0130layda T\u00fcter","Tahmini okuma s\u00fcresi":"5 dakika"},"schema":{"@context":"https:\/\/schema.org","@graph":[{"@type":"Article","@id":"https:\/\/levaic.com\/blog\/sosyal-medyanin-genc-nesillerdeki-olumsuz-etkileri-j-d-ornegi\/#article","isPartOf":{"@id":"https:\/\/levaic.com\/blog\/sosyal-medyanin-genc-nesillerdeki-olumsuz-etkileri-j-d-ornegi\/"},"author":{"name":"Dr. Aday\u0131 Uzm. Psikolog \u0130layda T\u00fcter","@id":"https:\/\/levaic.com\/blog\/#\/schema\/person\/6cfa6d132b6028282a532f93334b99a0"},"headline":"Sosyal Medyan\u0131n Gen\u00e7 Nesillerdeki Olumsuz Etkileri: J.D. \u00d6rne\u011fi","datePublished":"2024-11-14T23:37:07+00:00","dateModified":"2025-05-26T20:25:52+00:00","mainEntityOfPage":{"@id":"https:\/\/levaic.com\/blog\/sosyal-medyanin-genc-nesillerdeki-olumsuz-etkileri-j-d-ornegi\/"},"wordCount":1145,"commentCount":0,"publisher":{"@id":"https:\/\/levaic.com\/blog\/#organization"},"image":{"@id":"https:\/\/levaic.com\/blog\/sosyal-medyanin-genc-nesillerdeki-olumsuz-etkileri-j-d-ornegi\/#primaryimage"},"thumbnailUrl":"https:\/\/levaic.com\/blog\/wp-content\/uploads\/2024\/05\/blog73.jpeg","keywords":["ahlaki de\u011ferler","dijital kimlik","ebeveyn rehberli\u011fi","gen\u00e7ler ve sosyal medya","gen\u00e7lik psikolojisi","gen\u00e7lik ve toplum","mahremiyet","pop\u00fcler k\u00fclt\u00fcr","sosyal medya aile ili\u015fkileri","sosyal medya bilinci","sosyal medya etkileri","sosyal medya fenomenleri"],"articleSection":["Kendimle Olan \u0130li\u015fkim","L\u00e2ice","Toplumla Olan \u0130li\u015fkilerim"],"inLanguage":"tr","potentialAction":[{"@type":"CommentAction","name":"Comment","target":["https:\/\/levaic.com\/blog\/sosyal-medyanin-genc-nesillerdeki-olumsuz-etkileri-j-d-ornegi\/#respond"]}]},{"@type":"WebPage","@id":"https:\/\/levaic.com\/blog\/sosyal-medyanin-genc-nesillerdeki-olumsuz-etkileri-j-d-ornegi\/","url":"https:\/\/levaic.com\/blog\/sosyal-medyanin-genc-nesillerdeki-olumsuz-etkileri-j-d-ornegi\/","name":"Sosyal Medyan\u0131n Gen\u00e7 Nesillerdeki Olumsuz Etkileri: J.D. \u00d6rne\u011fi - Lev&acirc;ic \u0130li\u015fkilere Dair Her\u015fey","isPartOf":{"@id":"https:\/\/levaic.com\/blog\/#website"},"primaryImageOfPage":{"@id":"https:\/\/levaic.com\/blog\/sosyal-medyanin-genc-nesillerdeki-olumsuz-etkileri-j-d-ornegi\/#primaryimage"},"image":{"@id":"https:\/\/levaic.com\/blog\/sosyal-medyanin-genc-nesillerdeki-olumsuz-etkileri-j-d-ornegi\/#primaryimage"},"thumbnailUrl":"https:\/\/levaic.com\/blog\/wp-content\/uploads\/2024\/05\/blog73.jpeg","datePublished":"2024-11-14T23:37:07+00:00","dateModified":"2025-05-26T20:25:52+00:00","breadcrumb":{"@id":"https:\/\/levaic.com\/blog\/sosyal-medyanin-genc-nesillerdeki-olumsuz-etkileri-j-d-ornegi\/#breadcrumb"},"inLanguage":"tr","potentialAction":[{"@type":"ReadAction","target":["https:\/\/levaic.com\/blog\/sosyal-medyanin-genc-nesillerdeki-olumsuz-etkileri-j-d-ornegi\/"]}]},{"@type":"ImageObject","inLanguage":"tr","@id":"https:\/\/levaic.com\/blog\/sosyal-medyanin-genc-nesillerdeki-olumsuz-etkileri-j-d-ornegi\/#primaryimage","url":"https:\/\/levaic.com\/blog\/wp-content\/uploads\/2024\/05\/blog73.jpeg","contentUrl":"https:\/\/levaic.com\/blog\/wp-content\/uploads\/2024\/05\/blog73.jpeg","width":1280,"height":853},{"@type":"BreadcrumbList","@id":"https:\/\/levaic.com\/blog\/sosyal-medyanin-genc-nesillerdeki-olumsuz-etkileri-j-d-ornegi\/#breadcrumb","itemListElement":[{"@type":"ListItem","position":1,"name":"Home","item":"https:\/\/levaic.com\/blog\/"},{"@type":"ListItem","position":2,"name":"Sosyal Medyan\u0131n Gen\u00e7 Nesillerdeki Olumsuz Etkileri: J.D. \u00d6rne\u011fi"}]},{"@type":"WebSite","@id":"https:\/\/levaic.com\/blog\/#website","url":"https:\/\/levaic.com\/blog\/","name":"Lev\u00e2ic \u0130li\u015fkilere Dair Her\u015fey","description":"\u0130li\u015fkilere dair her\u015feyi Lev&acirc;ic'te bulabilirsiniz!","publisher":{"@id":"https:\/\/levaic.com\/blog\/#organization"},"potentialAction":[{"@type":"SearchAction","target":{"@type":"EntryPoint","urlTemplate":"https:\/\/levaic.com\/blog\/?s={search_term_string}"},"query-input":{"@type":"PropertyValueSpecification","valueRequired":true,"valueName":"search_term_string"}}],"inLanguage":"tr"},{"@type":"Organization","@id":"https:\/\/levaic.com\/blog\/#organization","name":"Lev\u00e2ic \u0130li\u015fkilere Dair Her\u015fey","url":"https:\/\/levaic.com\/blog\/","logo":{"@type":"ImageObject","inLanguage":"tr","@id":"https:\/\/levaic.com\/blog\/#\/schema\/logo\/image\/","url":"https:\/\/levaic.com\/blog\/wp-content\/uploads\/2024\/05\/2-3.png","contentUrl":"https:\/\/levaic.com\/blog\/wp-content\/uploads\/2024\/05\/2-3.png","width":1046,"height":173,"caption":"Lev\u00e2ic \u0130li\u015fkilere Dair Her\u015fey"},"image":{"@id":"https:\/\/levaic.com\/blog\/#\/schema\/logo\/image\/"}},{"@type":"Person","@id":"https:\/\/levaic.com\/blog\/#\/schema\/person\/6cfa6d132b6028282a532f93334b99a0","name":"Dr. Aday\u0131 Uzm. Psikolog \u0130layda T\u00fcter","image":{"@type":"ImageObject","inLanguage":"tr","@id":"https:\/\/secure.gravatar.com\/avatar\/74c0d384c5d26d65e95c6b7aeea3eb1f960e062f6208c9e53aee2a18a0be6c3c?s=96&d=mm&r=g","url":"https:\/\/secure.gravatar.com\/avatar\/74c0d384c5d26d65e95c6b7aeea3eb1f960e062f6208c9e53aee2a18a0be6c3c?s=96&d=mm&r=g","contentUrl":"https:\/\/secure.gravatar.com\/avatar\/74c0d384c5d26d65e95c6b7aeea3eb1f960e062f6208c9e53aee2a18a0be6c3c?s=96&d=mm&r=g","caption":"Dr. Aday\u0131 Uzm. Psikolog \u0130layda T\u00fcter"},"description":"Dan\u0131\u015fman Profiline Git","url":"https:\/\/levaic.com\/blog\/author\/ilayda\/"}]}},"_links":{"self":[{"href":"https:\/\/levaic.com\/blog\/wp-json\/wp\/v2\/posts\/51277","targetHints":{"allow":["GET"]}}],"collection":[{"href":"https:\/\/levaic.com\/blog\/wp-json\/wp\/v2\/posts"}],"about":[{"href":"https:\/\/levaic.com\/blog\/wp-json\/wp\/v2\/types\/post"}],"author":[{"embeddable":true,"href":"https:\/\/levaic.com\/blog\/wp-json\/wp\/v2\/users\/5"}],"replies":[{"embeddable":true,"href":"https:\/\/levaic.com\/blog\/wp-json\/wp\/v2\/comments?post=51277"}],"version-history":[{"count":3,"href":"https:\/\/levaic.com\/blog\/wp-json\/wp\/v2\/posts\/51277\/revisions"}],"predecessor-version":[{"id":52730,"href":"https:\/\/levaic.com\/blog\/wp-json\/wp\/v2\/posts\/51277\/revisions\/52730"}],"wp:featuredmedia":[{"embeddable":true,"href":"https:\/\/levaic.com\/blog\/wp-json\/wp\/v2\/media\/49416"}],"wp:attachment":[{"href":"https:\/\/levaic.com\/blog\/wp-json\/wp\/v2\/media?parent=51277"}],"wp:term":[{"taxonomy":"category","embeddable":true,"href":"https:\/\/levaic.com\/blog\/wp-json\/wp\/v2\/categories?post=51277"},{"taxonomy":"post_tag","embeddable":true,"href":"https:\/\/levaic.com\/blog\/wp-json\/wp\/v2\/tags?post=51277"},{"taxonomy":"jnews-series","embeddable":true,"href":"https:\/\/levaic.com\/blog\/wp-json\/wp\/v2\/jnews-series?post=51277"}],"curies":[{"name":"wp","href":"https:\/\/api.w.org\/{rel}","templated":true}]}}